{"id":165,"date":"2022-05-23T11:43:31","date_gmt":"2022-05-23T11:43:31","guid":{"rendered":"http:\/\/nowymodelwspolpracy.sylpo.pl\/?p=165"},"modified":"2022-05-23T11:43:31","modified_gmt":"2022-05-23T11:43:31","slug":"zapraszamy-na-konferencje-podsumowujaca-projekt-nowy-model-wspolpracy-instytucji-zatrudnienia-socjalnego","status":"publish","type":"post","link":"https:\/\/nowymodelwspolpracy.sylpo.pl\/index.php\/2022\/05\/23\/zapraszamy-na-konferencje-podsumowujaca-projekt-nowy-model-wspolpracy-instytucji-zatrudnienia-socjalnego\/","title":{"rendered":"Zapraszamy na konferencj\u0119 podsumowuj\u0105c\u0105 projekt \u201eNowy model wsp\u00f3\u0142pracy instytucji zatrudnienia socjalnego\u201d"},"content":{"rendered":"\n<p>Zapraszamy do wzi\u0119cia udzia\u0142u w konferencji podsumowuj\u0105cej projekt pt. <strong>\u201eNOWY MODEL WSP\u00d3\u0141PRACY INSTYTUCJI ZATRUDNIENIA SOCJALNEGO<\/strong>&#8221; <br>Nowy Model Wsp\u00f3\u0142pracy instytucji zatrudnienia socjalnego z podmiotami ekonomii spo\u0142ecznej realizuj\u0105cymi us\u0142ugi spo\u0142eczne to innowacyjne podej\u015bcie do wsp\u00f3\u0142pracy mi\u0119dzy podmiotami zatrudnienia socjalnego, a tak\u017ce podmiotami \u015bwiadcz\u0105cymi us\u0142ugi spo\u0142eczne. <\/p>\n\n\n\n<div class=\"wp-block-file\"><a href=\"http:\/\/nowymodelwspolpracy.sylpo.pl\/wp-content\/uploads\/2022\/05\/Harmonogram-_konferencja-2.docx\">Harmonogram-_konferencja-2<\/a><a href=\"http:\/\/nowymodelwspolpracy.sylpo.pl\/wp-content\/uploads\/2022\/05\/Harmonogram-_konferencja-2.docx\" class=\"wp-block-file__button\" download>Pobierz<\/a><\/div>\n\n\n\n<p>Celem projektu by\u0142 rozw\u00f3j us\u0142ug u\u017cyteczno\u015bci publicznej szczeg\u00f3lnie tych \u0142\u0105cz\u0105cych aktywizacj\u0119 zawodow\u0105 os\u00f3b spo\u0142ecznie wykluczonych z budowaniem sp\u00f3jnego systemu us\u0142ug spo\u0142ecznych.\u00a0<\/p>\n\n\n\n<p>Zapraszamy przedstawicieli podmiot\u00f3w ekonomii spo\u0142ecznej, instytucji polityki spo\u0142ecznej, w tym tak\u017ce szczebla wojew\u00f3dzkiego ROPS oraz osoby zainteresowane tematyk\u0105 ekonomii spo\u0142ecznej i zatrudnienia socjalnego.<\/p>\n\n\n\n<p>Na konferencji om\u00f3wiona zostanie problematyka partnerskiej wsp\u00f3\u0142pracy na rzecz lokalnego\u00a0rozwoju\u00a0us\u0142ug spo\u0142ecznych realizowanych przy wsp\u00f3\u0142udziale podmiot\u00f3w ekonomii spo\u0142ecznej (w szczeg\u00f3lno\u015bci podmiot\u00f3w zatrudnienia socjalnego), \u0142\u0105cz\u0105cego aktywizacj\u0119 zawodow\u0105 z nowym systemem us\u0142ug spo\u0142ecznych. Szczeg\u00f3lnie skupimy si\u0119 na sposobach zaspokajania\u00a0potrzeb kadrowych\u00a0realizator\u00f3w\/wykonawc\u00f3w us\u0142ug spo\u0142ecznych, przygotowaniu do\u00a0tworzenia\u00a0podmiot\u00f3w specjalizuj\u0105cych si\u0119 w us\u0142ugach spo\u0142ecznych,\u00a0wykonywaniu\u00a0przez podmioty ekonomii spo\u0142ecznej zlecanych us\u0142ug spo\u0142ecznych. Wsp\u00f3\u0142prac\u0119 postrzegamy na tle szerokiego wachlarza uwarunkowa\u0144, uwzgl\u0119dniamy dotychczasow\u0105 praktyk\u0119 i realia, kontekst instytucjonalny (w tym oczywi\u015bcie r\u00f3wnoleg\u0142e procesy zwi\u0105zane z CUS-ami) i ch\u0119tnie kre\u015blimy scenariusze rozwoju.<\/p>\n\n\n\n<p>Aby zg\u0142osi\u0107 swoje uczestnictwo nale\u017cy wype\u0142ni\u0107 poni\u017csze dokumenty i przes\u0142a\u0107 je w formie skan\u00f3w na adres <strong>projekt@sylpo.pl<\/strong> lub zg\u0142osi\u0107 si\u0119 poprzez formularz rekrutacyjny on &#8211; line dost\u0119pny na stronie <strong>vertopolska.pl <\/strong><\/p>\n\n\n\n<p><\/p>\n\n\n\n<div class=\"wp-block-file\"><a href=\"http:\/\/nowymodelwspolpracy.sylpo.pl\/wp-content\/uploads\/2022\/05\/Deklaracja-udzialu_konferencja.docx\">Deklaracja udzia\u0142u_konferencja<\/a><a href=\"http:\/\/nowymodelwspolpracy.sylpo.pl\/wp-content\/uploads\/2022\/05\/Deklaracja-udzialu_konferencja.docx\" class=\"wp-block-file__button\" download>Pobierz<\/a><\/div>\n\n\n\n<div class=\"wp-block-file\"><a href=\"http:\/\/nowymodelwspolpracy.sylpo.pl\/wp-content\/uploads\/2022\/05\/Obowiazek-informacyjny-_konferencja.docx\">Obowiazek informacyjny _konferencja<\/a><a href=\"http:\/\/nowymodelwspolpracy.sylpo.pl\/wp-content\/uploads\/2022\/05\/Obowiazek-informacyjny-_konferencja.docx\" class=\"wp-block-file__button\" download>Pobierz<\/a><\/div>\n\n\n\n<div class=\"wp-block-file\"><a href=\"http:\/\/nowymodelwspolpracy.sylpo.pl\/wp-content\/uploads\/2022\/05\/FORMULARZ-REKRUTACYJNY-_konferencja.docx\">FORMULARZ-REKRUTACYJNY-_konferencja<\/a><a href=\"http:\/\/nowymodelwspolpracy.sylpo.pl\/wp-content\/uploads\/2022\/05\/FORMULARZ-REKRUTACYJNY-_konferencja.docx\" class=\"wp-block-file__button\" download>Pobierz<\/a><\/div>\n","protected":false},"excerpt":{"rendered":"<p>Zapraszamy do wzi\u0119cia udzia\u0142u w konferencji podsumowuj\u0105cej projekt pt. \u201eNOWY MODEL WSP\u00d3\u0141PRACY INSTYTUCJI ZATRUDNIENIA SOCJALNEGO&#8221; Nowy Model Wsp\u00f3\u0142pracy instytucji zatrudnienia socjalnego z podmiotami ekonomii spo\u0142ecznej realizuj\u0105cymi us\u0142ugi spo\u0142eczne to innowacyjne podej\u015bcie do wsp\u00f3\u0142pracy mi\u0119dzy podmiotami zatrudnienia socjalnego, a tak\u017ce podmiotami \u015bwiadcz\u0105cymi us\u0142ugi spo\u0142eczne. Celem projektu by\u0142 rozw\u00f3j us\u0142ug u\u017cyteczno\u015bci publicznej szczeg\u00f3lnie tych \u0142\u0105cz\u0105cych aktywizacj\u0119 zawodow\u0105 [&hellip;]<\/p>\n","protected":false},"author":2,"featured_media":0,"comment_status":"open","ping_status":"open","sticky":false,"template":"","format":"standard","meta":[],"categories":[1],"tags":[],"_links":{"self":[{"href":"https:\/\/nowymodelwspolpracy.sylpo.pl\/index.php\/wp-json\/wp\/v2\/posts\/165"}],"collection":[{"href":"https:\/\/nowymodelwspolpracy.sylpo.pl\/index.php\/wp-json\/wp\/v2\/posts"}],"about":[{"href":"https:\/\/nowymodelwspolpracy.sylpo.pl\/index.php\/wp-json\/wp\/v2\/types\/post"}],"author":[{"embeddable":true,"href":"https:\/\/nowymodelwspolpracy.sylpo.pl\/index.php\/wp-json\/wp\/v2\/users\/2"}],"replies":[{"embeddable":true,"href":"https:\/\/nowymodelwspolpracy.sylpo.pl\/index.php\/wp-json\/wp\/v2\/comments?post=165"}],"version-history":[{"count":4,"href":"https:\/\/nowymodelwspolpracy.sylpo.pl\/index.php\/wp-json\/wp\/v2\/posts\/165\/revisions"}],"predecessor-version":[{"id":175,"href":"https:\/\/nowymodelwspolpracy.sylpo.pl\/index.php\/wp-json\/wp\/v2\/posts\/165\/revisions\/175"}],"wp:attachment":[{"href":"https:\/\/nowymodelwspolpracy.sylpo.pl\/index.php\/wp-json\/wp\/v2\/media?parent=165"}],"wp:term":[{"taxonomy":"category","embeddable":true,"href":"https:\/\/nowymodelwspolpracy.sylpo.pl\/index.php\/wp-json\/wp\/v2\/categories?post=165"},{"taxonomy":"post_tag","embeddable":true,"href":"https:\/\/nowymodelwspolpracy.sylpo.pl\/index.php\/wp-json\/wp\/v2\/tags?post=165"}],"curies":[{"name":"wp","href":"https:\/\/api.w.org\/{rel}","templated":true}]}}